{"id":1576,"date":"2018-12-18T12:16:25","date_gmt":"2018-12-18T11:16:25","guid":{"rendered":"http:\/\/creation.agence-lacocotte.fr\/?p=1576"},"modified":"2020-08-28T11:41:03","modified_gmt":"2020-08-28T09:41:03","slug":"le-musee-dorsay-et-les-impressionnistes","status":"publish","type":"post","link":"https:\/\/www.paris-toujours.com\/fr\/le-musee-dorsay-et-les-impressionnistes\/","title":{"rendered":"Le Mus\u00e9e d&rsquo;Orsay et les Impressionnistes"},"content":{"rendered":"<p>\u00ab Un Matin, l\u2019un de nous manquait de noir, se servit de bleu : l\u2019impressionnisme \u00e9tait n\u00e9 \u00bb disait Auguste Renoir (1841-1919). Une description l\u00e9g\u00e8re presque enfantine par un des plus grands noms de <strong>l\u2019Impressionnisme<\/strong> ; une image qui refl\u00e8te bien le <strong>mus\u00e9e d\u2019Orsay<\/strong>.<\/p>\n<p>Situ\u00e9 dans le 7\u00e8me arrondissement de Paris le long de la rive gauche, celui que l\u2019on conna\u00eet aujourd\u2019hui avec le statut de \u00ab mus\u00e9e \u00bb \u00e9tait autrefois une gare. Elle f\u00fbt construite en seulement deux ans (1898-1900) pour l\u2019exposition universelle de Paris en 1900 afin d\u2019accueillir les voyageurs du Sud-Ouest de la France. C\u2019est \u00e0 partir de 1939 qu\u2019elle deviendra obsol\u00e8te, l\u2019\u00e9lectrisation des chemins de fer ayant rendu les quais trop \u00e9troits pour les nouveaux trains.\u00a0Le mus\u00e9e f\u00fbt inaugur\u00e9 en 1986 apr\u00e8s r\u00e9am\u00e9nagement de l\u2019ancienne gare.<\/p>\n<p>Le <strong>\u00ab temple de l\u2019impressionnisme \u00bb<\/strong> comme on pourrait le surnommer d\u00e9tient la plus <strong>grande collection d\u2019\u0153uvres impressionnistes au monde<\/strong>. En effet, on recense environ 440 toiles impressionnistes et plus de 900 de la p\u00e9riode postimpressionniste. On peut notamment citer de grandes \u0153uvres comme \u00ab D\u00e9jeuner sur l\u2019herbe \u00bb de Manet, \u00ab L\u2019Atelier du peintre \u00bb de Courbet ou encore le fameux \u00ab Autoportrait \u00bb de Van Gogh, et cela pour ne consigner que quelques une des plus c\u00e9l\u00e8bres \u0153uvres, car r\u00e9pondent aussi \u00e0 l\u2019appel des artistes tel que Renoir ou Monet. Mais le mus\u00e9e d\u2019Orsay, en plus d\u2019\u00eatre le panth\u00e9on des \u0153uvres des plus grands artistes impressionnistes, est aussi un recueil de nombreuses collections en tout genre (peintures, sculptures, gravures\u2026) de l\u2019art occidental entre 1848 et 1914.<\/p>\n<p>En 2010, c\u2019est le mus\u00e9e de l\u2019Orangerie, situ\u00e9 dans le jardin des Tuileries qui est rattach\u00e9 \u00e0 l\u2019\u00e9tablissement public d\u2019Orsay. Et apr\u00e8s de longs travaux, c\u2019est fin 2011 que le mus\u00e9e d\u2019Orsay a rouvert la totalit\u00e9 de son espace au public.<\/p>\n<p>Alors, pourquoi ne pas profiter d\u2019une balade sur les berges de Seine pour faire un crochet par cette ancienne gare de prestige que constitue le mus\u00e9e d\u2019Orsay ? Nous pouvons \u00e9galement organiser une <strong>visite guid\u00e9e avec un guide sp\u00e9cialis\u00e9 en histoire de l&rsquo;art<\/strong> pour vous faciliter la d\u00e9couverte des ces gigantesques collections.<\/p>\n<p><a href=\"https:\/\/www.musee-orsay.fr\/\" rel=\"nofollow noopener\" target=\"_blank\">https:\/\/www.musee-orsay.fr\/<\/a><\/p>\n","protected":false},"excerpt":{"rendered":"<p>\u00ab Un Matin, l\u2019un de nous manquait de noir, se servit de bleu : l\u2019impressionnisme \u00e9tait n\u00e9 \u00bb disait Auguste Renoir (1841-1919). Une description l\u00e9g\u00e8re presque enfantine par un des plus grands noms de l\u2019Impressionnisme ; une image qui refl\u00e8te bien le mus\u00e9e d\u2019Orsay. Situ\u00e9 dans le 7\u00e8me arrondissement de Paris le long de la [&hellip;]<\/p>\n","protected":false},"author":2,"featured_media":1745,"comment_status":"open","ping_status":"open","sticky":false,"template":"","format":"standard","meta":{"_acf_changed":false,"inline_featured_image":false,"footnotes":""},"categories":[1],"tags":[],"acf":[],"_links":{"self":[{"href":"https:\/\/www.paris-toujours.com\/fr\/wp-json\/wp\/v2\/posts\/1576"}],"collection":[{"href":"https:\/\/www.paris-toujours.com\/fr\/wp-json\/wp\/v2\/posts"}],"about":[{"href":"https:\/\/www.paris-toujours.com\/fr\/wp-json\/wp\/v2\/types\/post"}],"author":[{"embeddable":true,"href":"https:\/\/www.paris-toujours.com\/fr\/wp-json\/wp\/v2\/users\/2"}],"replies":[{"embeddable":true,"href":"https:\/\/www.paris-toujours.com\/fr\/wp-json\/wp\/v2\/comments?post=1576"}],"version-history":[{"count":4,"href":"https:\/\/www.paris-toujours.com\/fr\/wp-json\/wp\/v2\/posts\/1576\/revisions"}],"predecessor-version":[{"id":2085,"href":"https:\/\/www.paris-toujours.com\/fr\/wp-json\/wp\/v2\/posts\/1576\/revisions\/2085"}],"wp:featuredmedia":[{"embeddable":true,"href":"https:\/\/www.paris-toujours.com\/fr\/wp-json\/wp\/v2\/media\/1745"}],"wp:attachment":[{"href":"https:\/\/www.paris-toujours.com\/fr\/wp-json\/wp\/v2\/media?parent=1576"}],"wp:term":[{"taxonomy":"category","embeddable":true,"href":"https:\/\/www.paris-toujours.com\/fr\/wp-json\/wp\/v2\/categories?post=1576"},{"taxonomy":"post_tag","embeddable":true,"href":"https:\/\/www.paris-toujours.com\/fr\/wp-json\/wp\/v2\/tags?post=1576"}],"curies":[{"name":"wp","href":"https:\/\/api.w.org\/{rel}","templated":true}]}}