{"id":1429,"date":"2018-12-19T15:45:57","date_gmt":"2018-12-19T14:45:57","guid":{"rendered":"http:\/\/creation.agence-lacocotte.fr\/?p=1429"},"modified":"2021-08-31T15:59:08","modified_gmt":"2021-08-31T13:59:08","slug":"feter-noel-a-paris","status":"publish","type":"post","link":"https:\/\/www.paris-toujours.com\/fr\/feter-noel-a-paris\/","title":{"rendered":"F\u00eater No\u00ebl \u00e0 Paris"},"content":{"rendered":"<p>Paris que l&rsquo;on appelle Ville Lumi\u00e8re ne porte jamais aussi bien son nom que pendant la p\u00e9riode des f\u00eates. Toutes les rues commer\u00e7antes se parent de guirlandes lumineuses et les magasins sont garnis de sapins d\u00e9cor\u00e9s. Cette ann\u00e9e, d\u00e8s la fin novembre et jusqu&rsquo;\u00e0 la mi-janvier 2019, les Champs-Elys\u00e9es seront \u00e9galement illumin\u00e9s comme le veut la tradition et les Grands Magasins du Boulevard Haussmann installeront leurs vitrines hautes en couleur.<\/p>\n<p>C&rsquo;est donc une p\u00e9riode parfaite pour venir d\u00e9couvrir ou red\u00e9couvrir Paris. M\u00eame si la m\u00e9t\u00e9o est moins favorable, les lumi\u00e8res de la ville valent le d\u00e9tour. <strong>Une visite avec un guide dans les Passages Couverts, une d\u00e9gustation dans une cave \u00e0 fromage ou encore un tour \u00e0 la d\u00e9couverte des chocolatiers et p\u00e2tissiers du Marais, voil\u00e0 autant d&rsquo;activit\u00e9s id\u00e9ales lors d&rsquo;un s\u00e9jour parisien \u00e0 cette p\u00e9riode de l&rsquo;ann\u00e9e<\/strong> ! C&rsquo;est le moment de r\u00e9server votre s\u00e9jour parisien pour profiter d&rsquo;un h\u00f4tel de charme et d&rsquo;un programme de visites sur-mesure.<\/p>\n","protected":false},"excerpt":{"rendered":"<p>Paris que l&rsquo;on appelle Ville Lumi\u00e8re ne porte jamais aussi bien son nom que pendant la p\u00e9riode des f\u00eates. Toutes les rues commer\u00e7antes se parent de guirlandes lumineuses et les magasins sont garnis de sapins d\u00e9cor\u00e9s. Cette ann\u00e9e, d\u00e8s la fin novembre et jusqu&rsquo;\u00e0 la mi-janvier 2019, les Champs-Elys\u00e9es seront \u00e9galement illumin\u00e9s comme le veut [&hellip;]<\/p>\n","protected":false},"author":2,"featured_media":3350,"comment_status":"open","ping_status":"open","sticky":false,"template":"","format":"standard","meta":{"_acf_changed":false,"inline_featured_image":false,"footnotes":""},"categories":[1],"tags":[],"acf":[],"_links":{"self":[{"href":"https:\/\/www.paris-toujours.com\/fr\/wp-json\/wp\/v2\/posts\/1429"}],"collection":[{"href":"https:\/\/www.paris-toujours.com\/fr\/wp-json\/wp\/v2\/posts"}],"about":[{"href":"https:\/\/www.paris-toujours.com\/fr\/wp-json\/wp\/v2\/types\/post"}],"author":[{"embeddable":true,"href":"https:\/\/www.paris-toujours.com\/fr\/wp-json\/wp\/v2\/users\/2"}],"replies":[{"embeddable":true,"href":"https:\/\/www.paris-toujours.com\/fr\/wp-json\/wp\/v2\/comments?post=1429"}],"version-history":[{"count":5,"href":"https:\/\/www.paris-toujours.com\/fr\/wp-json\/wp\/v2\/posts\/1429\/revisions"}],"predecessor-version":[{"id":4788,"href":"https:\/\/www.paris-toujours.com\/fr\/wp-json\/wp\/v2\/posts\/1429\/revisions\/4788"}],"wp:featuredmedia":[{"embeddable":true,"href":"https:\/\/www.paris-toujours.com\/fr\/wp-json\/wp\/v2\/media\/3350"}],"wp:attachment":[{"href":"https:\/\/www.paris-toujours.com\/fr\/wp-json\/wp\/v2\/media?parent=1429"}],"wp:term":[{"taxonomy":"category","embeddable":true,"href":"https:\/\/www.paris-toujours.com\/fr\/wp-json\/wp\/v2\/categories?post=1429"},{"taxonomy":"post_tag","embeddable":true,"href":"https:\/\/www.paris-toujours.com\/fr\/wp-json\/wp\/v2\/tags?post=1429"}],"curies":[{"name":"wp","href":"https:\/\/api.w.org\/{rel}","templated":true}]}}